{"id":39521,"date":"2026-09-01T15:22:58","date_gmt":"2026-09-01T15:22:58","guid":{"rendered":"https:\/\/vidamaior.pt\/?p=39521"},"modified":"2026-09-01T15:36:41","modified_gmt":"2026-09-01T15:36:41","slug":"inauguracao-do-viva-uma-nova-forma-de-cuidar-da-longevidade","status":"publish","type":"post","link":"https:\/\/vidamaior.pt\/en\/inauguracao-do-viva-uma-nova-forma-de-cuidar-da-longevidade\/","title":{"rendered":"Inaugura\u00e7\u00e3o do Viva+: Uma Nova Forma de Cuidar da Longevidade"},"content":{"rendered":"<div data-elementor-type=\"wp-post\" data-elementor-id=\"39521\" class=\"elementor elementor-39521\">\n\t\t\t\t<div class=\"elementor-element elementor-element-48a7e54f e-flex e-con-boxed e-con e-parent\" data-id=\"48a7e54f\" data-element_type=\"container\">\n\t\t\t\t\t<div class=\"e-con-inner\">\n\t\t\t\t<div class=\"elementor-element elementor-element-ef31a68 elementor-widget elementor-widget-image\" data-id=\"ef31a68\" data-element_type=\"widget\" data-widget_type=\"image.default\">\n\t\t\t\t<div class=\"elementor-widget-container\">\n\t\t\t\t\t\t\t\t\t\t\t\t\t\t\t<img fetchpriority=\"high\" decoding=\"async\" width=\"1920\" height=\"1080\" src=\"https:\/\/vidamaior.pt\/wp-content\/uploads\/2026\/09\/Artigo-Elisabete.png\" class=\"attachment-full size-full wp-image-39523\" alt=\"\" srcset=\"https:\/\/vidamaior.pt\/wp-content\/uploads\/2026\/09\/Artigo-Elisabete.png 1920w, https:\/\/vidamaior.pt\/wp-content\/uploads\/2026\/09\/Artigo-Elisabete-300x169.png 300w, https:\/\/vidamaior.pt\/wp-content\/uploads\/2026\/09\/Artigo-Elisabete-1024x576.png 1024w, https:\/\/vidamaior.pt\/wp-content\/uploads\/2026\/09\/Artigo-Elisabete-768x432.png 768w, https:\/\/vidamaior.pt\/wp-content\/uploads\/2026\/09\/Artigo-Elisabete-1536x864.png 1536w, https:\/\/vidamaior.pt\/wp-content\/uploads\/2026\/09\/Artigo-Elisabete-18x10.png 18w\" sizes=\"(max-width: 1920px) 100vw, 1920px\" \/>\t\t\t\t\t\t\t\t\t\t\t\t\t\t\t<\/div>\n\t\t\t\t<\/div>\n\t\t\t\t<div class=\"elementor-element elementor-element-4d3268e9 elementor-widget__width-auto elementor-widget elementor-widget-text-editor\" data-id=\"4d3268e9\" data-element_type=\"widget\" data-widget_type=\"text-editor.default\">\n\t\t\t\t<div class=\"elementor-widget-container\">\n\t\t\t\t\t\t\t\t\t<p><strong>H\u00e1 uma pergunta que me acompanha h\u00e1 muito tempo: como queremos viver os pr\u00f3ximos anos da nossa vida? <\/strong><strong>Como fisioterapeuta, aprendi que muitas das altera\u00e7\u00f5es que associamos ao envelhecimento se desenvolvem gradualmente. A diminui\u00e7\u00e3o da for\u00e7a, da mobilidade, do equil\u00edbrio ou da confian\u00e7a pode come\u00e7ar, pouco a pouco, a condicionar decis\u00f5es, atividades e rela\u00e7\u00f5es que fazem parte da nossa identidade.<\/strong><\/p><p>Aprendi tamb\u00e9m quanto podemos fazer desde cedo para preservar estas capacidades. A longevidade constr\u00f3i-se ao longo da vida, atrav\u00e9s das escolhas que fazemos, dos h\u00e1bitos que mantemos e da aten\u00e7\u00e3o que damos \u00e0 nossa sa\u00fade f\u00edsica e emocional, \u00e0s nossas rela\u00e7\u00f5es e ao nosso prop\u00f3sito.<\/p><p>Viver mais ganha verdadeiro sentido quando podemos continuar a fazer aquilo que valorizamos: cuidar de n\u00f3s pr\u00f3prios, tomar decis\u00f5es, estar com outras pessoas, participar na comunidade e manter projetos que nos fa\u00e7am olhar para o futuro.<\/p><p>Na <a href=\"https:\/\/vidamaior.pt\/en\/\">Vida Maior<\/a>, trabalhamos diariamente com pessoas, fam\u00edlias e cuidadores e sabemos o valor da interven\u00e7\u00e3o humana, atempada e centrada na pessoa, capaz de preservar capacidades, refor\u00e7ar a confian\u00e7a e ampliar as possibilidades de escolha.Foi desta experi\u00eancia e desta convic\u00e7\u00e3o que nasceu o <a href=\"https:\/\/www.viva-mais.pt\/\"><strong>Viva+<\/strong><\/a>.<\/p><p>O Viva+ representa uma evolu\u00e7\u00e3o natural da Vida Maior. \u00c9 um modelo integrado de acompanhamento da longevidade, dirigido a pessoas a partir dos 40 anos que pretendem preservar ou recuperar autonomia, funcionalidade, energia, bem-estar e qualidade de vida ao longo do tempo.<\/p><p>Escolhemos come\u00e7ar aos 40 anos porque <strong>viver melhor durante mais tempo come\u00e7a muito antes dos primeiros sinais de perda de autonomia<\/strong>.<\/p><p>Cada percurso come\u00e7a com a <a href=\"https:\/\/www.viva-mais.pt\/#contactos\"><strong>Avalia\u00e7\u00e3o Viva+<\/strong><\/a>. \u00c9 neste primeiro encontro que procuramos conhecer o ponto de partida de cada pessoa: como se move, como se sente, o que pretende preservar ou melhorar e o que gostaria de continuar a fazer nos pr\u00f3ximos anos.<\/p><p>A partir desta avalia\u00e7\u00e3o, definimos um programa personalizado, que pode combinar acompanhamento cl\u00ednico, terapias, exerc\u00edcio e movimento, bem-estar f\u00edsico e emocional e experi\u00eancias de participa\u00e7\u00e3o na comunidade. Os diferentes profissionais trabalham de forma articulada, partilhando a mesma leitura da pessoa, o mesmo plano e os objetivos definidos com ela.<\/p><p>Esta abordagem reconhece a sa\u00fade como um todo integrado. A mobilidade, a for\u00e7a, o equil\u00edbrio, o sono, a nutri\u00e7\u00e3o, o bem-estar emocional, as rela\u00e7\u00f5es sociais, o meio envolvente e o prop\u00f3sito de vida influenciam-se mutuamente.<\/p><p>Tamb\u00e9m a autonomia representa muito mais do que um indicador cl\u00ednico. \u00c9 a possibilidade de continuar a escolher, realizar as atividades do dia a dia e participar na vida familiar e comunit\u00e1ria.<\/p><p>Para responder \u00e0s diferentes necessidades, objetivos e contextos de vida, o Viva+ organiza-se em quatro \u00e1reas complementares:<\/p><ul><li><strong>Viva+ Centro<\/strong> \u2014 avalia\u00e7\u00e3o, plano personalizado e sess\u00f5es terap\u00eauticas, de exerc\u00edcio e de bem-estar, individuais ou em grupo, nos nossos espa\u00e7os em Torres Vedras e no Ameal;<\/li><li><strong>Viva+ em Casa<\/strong> \u2014 avalia\u00e7\u00e3o e acompanhamento em casa ou noutros contextos do dia a dia, orientados para superar dificuldades, adaptar os espa\u00e7os e refor\u00e7ar a autonomia;<\/li><li><strong>Viva+ Cuidadores<\/strong> \u2014 forma\u00e7\u00e3o pr\u00e1tica, acompanhamento t\u00e9cnico e apoio emocional, com estrat\u00e9gias para o dia a dia e para o bem-estar de quem cuida;<\/li><li><strong>Viva+ Comunidade<\/strong> \u2014 tert\u00falias, passeios, oficinas, clube de leitura e outras iniciativas que promovem o conv\u00edvio, a participa\u00e7\u00e3o e o sentido de perten\u00e7a, porque conviver tamb\u00e9m \u00e9 cuidar da sa\u00fade.<\/li><\/ul><p>Na viagem da vida, chegar mais longe exige escolher o caminho, cuidar da bagagem e percorr\u00ea-lo com consist\u00eancia. Envelhecer com sucesso \u00e9 continuar a <strong>sintonizar-se com a vida<\/strong>, permanecer recetivo ao conhecimento, ao novo e a novas experi\u00eancias.<\/p><p>O Viva+ nasce para acompanhar esse caminho: um projeto de vida em movimento, orientado para uma longevidade com identidade.<\/p><p>Assumimos o compromisso de ajudar cada pessoa a viver o tempo da melhor forma poss\u00edvel, com mais autonomia, confian\u00e7a, participa\u00e7\u00e3o e sentido.<\/p><p>No dia <strong>26 de setembro<\/strong>, das <strong>16h00 \u00e0s 18h00<\/strong>, abrimos as portas da Vida Maior Oeste, no Ameal, para apresentar o Viva+.<\/p><p>Este \u00e9 um <b>convite <\/b>aberto a todas as pessoas que queiram conhecer uma nova forma de cuidar da longevidade. Venha sozinho, em fam\u00edlia ou acompanhado por amigos e descubra connosco este novo projeto da Vida Maior.<\/p><p>Ao longo da tarde, poder\u00e1 percorrer o espa\u00e7o, conversar com a equipa e experimentar algumas das pr\u00e1ticas que integram os programas Viva+. Terminaremos com um cocktail e um momento de conv\u00edvio entre todos.<\/p><p>A entrada \u00e9 gratuita, com inscri\u00e7\u00e3o pr\u00e9via.<\/p><p><a href=\"https:\/\/forms.gle\/J851Bo9nEcQMwMXm9\"><strong>Inscrever-me na inaugura\u00e7\u00e3o do Viva+<\/strong><\/a><\/p><p>Esperamos por si.<\/p><p><strong>Elisabete Avelar<\/strong><br \/>CEO \u00b7 Fisioterapeuta<br \/>Viva+ by Vida Maior<\/p><p><em>Viver mais. Viver melhor. Viver com sentido.<\/em><\/p>\t\t\t\t\t\t\t\t<\/div>\n\t\t\t\t<\/div>\n\t\t\t\t\t<\/div>\n\t\t\t\t<\/div>\n\t\t\t\t<\/div>","protected":false},"excerpt":{"rendered":"<p>H\u00e1 uma pergunta que me acompanha h\u00e1 muito tempo: como queremos viver os pr\u00f3ximos anos da nossa vida? Como fisioterapeuta, aprendi que muitas das altera\u00e7\u00f5es que associamos ao envelhecimento se desenvolvem gradualmente. A diminui\u00e7\u00e3o da for\u00e7a, da mobilidade, do equil\u00edbrio ou da confian\u00e7a pode come\u00e7ar, pouco a pouco, a condicionar decis\u00f5es, atividades e rela\u00e7\u00f5es que [&hellip;]<\/p>","protected":false},"author":1,"featured_media":39523,"comment_status":"closed","ping_status":"closed","sticky":false,"template":"elementor_header_footer","format":"standard","meta":{"om_disable_all_campaigns":false,"_monsterinsights_skip_tracking":false,"_uf_show_specific_survey":0,"_uf_disable_surveys":false,"footnotes":""},"categories":[48],"tags":[],"yoast_head":"<!-- This site is optimized with the Yoast SEO plugin v24.5 - https:\/\/yoast.com\/wordpress\/plugins\/seo\/ -->\n<title>Inaugura\u00e7\u00e3o do Viva+: Uma Nova Forma de Cuidar da Longevidade - Vida Maior<\/title>\n<meta name=\"robots\" content=\"index, follow, max-snippet:-1, max-image-preview:large, max-video-preview:-1\" \/>\n<link rel=\"canonical\" href=\"https:\/\/vidamaior.pt\/en\/inauguracao-do-viva-uma-nova-forma-de-cuidar-da-longevidade\/\" \/>\n<meta property=\"og:locale\" content=\"en_GB\" \/>\n<meta property=\"og:type\" content=\"article\" \/>\n<meta property=\"og:title\" content=\"Inaugura\u00e7\u00e3o do Viva+: Uma Nova Forma de Cuidar da Longevidade - Vida Maior\" \/>\n<meta property=\"og:description\" content=\"H\u00e1 uma pergunta que me acompanha h\u00e1 muito tempo: como queremos viver os pr\u00f3ximos anos da nossa vida? Como fisioterapeuta, aprendi que muitas das altera\u00e7\u00f5es que associamos ao envelhecimento se desenvolvem gradualmente. A diminui\u00e7\u00e3o da for\u00e7a, da mobilidade, do equil\u00edbrio ou da confian\u00e7a pode come\u00e7ar, pouco a pouco, a condicionar decis\u00f5es, atividades e rela\u00e7\u00f5es que [&hellip;]\" \/>\n<meta property=\"og:url\" content=\"https:\/\/vidamaior.pt\/en\/inauguracao-do-viva-uma-nova-forma-de-cuidar-da-longevidade\/\" \/>\n<meta property=\"og:site_name\" content=\"Vida Maior\" \/>\n<meta property=\"article:publisher\" content=\"https:\/\/www.facebook.com\/vidamaior.pt\/\" \/>\n<meta property=\"article:published_time\" content=\"2026-09-01T15:22:58+00:00\" \/>\n<meta property=\"article:modified_time\" content=\"2026-09-01T15:36:41+00:00\" \/>\n<meta property=\"og:image\" content=\"https:\/\/vidamaior.pt\/wp-content\/uploads\/2026\/09\/Artigo-Elisabete.png\" \/>\n\t<meta property=\"og:image:width\" content=\"1920\" \/>\n\t<meta property=\"og:image:height\" content=\"1080\" \/>\n\t<meta property=\"og:image:type\" content=\"image\/png\" \/>\n<meta name=\"author\" content=\"vidamaior.pt\" \/>\n<meta name=\"twitter:card\" content=\"summary_large_image\" \/>\n<meta name=\"twitter:label1\" content=\"Written by\" \/>\n\t<meta name=\"twitter:data1\" content=\"vidamaior.pt\" \/>\n\t<meta name=\"twitter:label2\" content=\"Estimated reading time\" \/>\n\t<meta name=\"twitter:data2\" content=\"4 minutes\" \/>\n<script type=\"application\/ld+json\" class=\"yoast-schema-graph\">{\"@context\":\"https:\/\/schema.org\",\"@graph\":[{\"@type\":\"Article\",\"@id\":\"https:\/\/vidamaior.pt\/inauguracao-do-viva-uma-nova-forma-de-cuidar-da-longevidade\/#article\",\"isPartOf\":{\"@id\":\"https:\/\/vidamaior.pt\/inauguracao-do-viva-uma-nova-forma-de-cuidar-da-longevidade\/\"},\"author\":{\"name\":\"vidamaior.pt\",\"@id\":\"https:\/\/vidamaior.pt\/#\/schema\/person\/9e197f1e08aa9dbd9e676e12b6e5e099\"},\"headline\":\"Inaugura\u00e7\u00e3o do Viva+: Uma Nova Forma de Cuidar da Longevidade\",\"datePublished\":\"2026-09-01T15:22:58+00:00\",\"dateModified\":\"2026-09-01T15:36:41+00:00\",\"mainEntityOfPage\":{\"@id\":\"https:\/\/vidamaior.pt\/inauguracao-do-viva-uma-nova-forma-de-cuidar-da-longevidade\/\"},\"wordCount\":809,\"publisher\":{\"@id\":\"https:\/\/vidamaior.pt\/#organization\"},\"image\":{\"@id\":\"https:\/\/vidamaior.pt\/inauguracao-do-viva-uma-nova-forma-de-cuidar-da-longevidade\/#primaryimage\"},\"thumbnailUrl\":\"https:\/\/vidamaior.pt\/wp-content\/uploads\/2026\/09\/Artigo-Elisabete.png\",\"articleSection\":[\"Artigo\"],\"inLanguage\":\"en-GB\"},{\"@type\":\"WebPage\",\"@id\":\"https:\/\/vidamaior.pt\/inauguracao-do-viva-uma-nova-forma-de-cuidar-da-longevidade\/\",\"url\":\"https:\/\/vidamaior.pt\/inauguracao-do-viva-uma-nova-forma-de-cuidar-da-longevidade\/\",\"name\":\"Inaugura\u00e7\u00e3o do Viva+: Uma Nova Forma de Cuidar da Longevidade - Vida Maior\",\"isPartOf\":{\"@id\":\"https:\/\/vidamaior.pt\/#website\"},\"primaryImageOfPage\":{\"@id\":\"https:\/\/vidamaior.pt\/inauguracao-do-viva-uma-nova-forma-de-cuidar-da-longevidade\/#primaryimage\"},\"image\":{\"@id\":\"https:\/\/vidamaior.pt\/inauguracao-do-viva-uma-nova-forma-de-cuidar-da-longevidade\/#primaryimage\"},\"thumbnailUrl\":\"https:\/\/vidamaior.pt\/wp-content\/uploads\/2026\/09\/Artigo-Elisabete.png\",\"datePublished\":\"2026-09-01T15:22:58+00:00\",\"dateModified\":\"2026-09-01T15:36:41+00:00\",\"breadcrumb\":{\"@id\":\"https:\/\/vidamaior.pt\/inauguracao-do-viva-uma-nova-forma-de-cuidar-da-longevidade\/#breadcrumb\"},\"inLanguage\":\"en-GB\",\"potentialAction\":[{\"@type\":\"ReadAction\",\"target\":[\"https:\/\/vidamaior.pt\/inauguracao-do-viva-uma-nova-forma-de-cuidar-da-longevidade\/\"]}]},{\"@type\":\"ImageObject\",\"inLanguage\":\"en-GB\",\"@id\":\"https:\/\/vidamaior.pt\/inauguracao-do-viva-uma-nova-forma-de-cuidar-da-longevidade\/#primaryimage\",\"url\":\"https:\/\/vidamaior.pt\/wp-content\/uploads\/2026\/09\/Artigo-Elisabete.png\",\"contentUrl\":\"https:\/\/vidamaior.pt\/wp-content\/uploads\/2026\/09\/Artigo-Elisabete.png\",\"width\":1920,\"height\":1080},{\"@type\":\"BreadcrumbList\",\"@id\":\"https:\/\/vidamaior.pt\/inauguracao-do-viva-uma-nova-forma-de-cuidar-da-longevidade\/#breadcrumb\",\"itemListElement\":[{\"@type\":\"ListItem\",\"position\":1,\"name\":\"In\u00edcio\",\"item\":\"https:\/\/vidamaior.pt\/\"},{\"@type\":\"ListItem\",\"position\":2,\"name\":\"Inaugura\u00e7\u00e3o do Viva+: Uma Nova Forma de Cuidar da Longevidade\"}]},{\"@type\":\"WebSite\",\"@id\":\"https:\/\/vidamaior.pt\/#website\",\"url\":\"https:\/\/vidamaior.pt\/\",\"name\":\"Vida Maior\",\"description\":\"Onde o tempo \u00e9 felicidade\",\"publisher\":{\"@id\":\"https:\/\/vidamaior.pt\/#organization\"},\"potentialAction\":[{\"@type\":\"SearchAction\",\"target\":{\"@type\":\"EntryPoint\",\"urlTemplate\":\"https:\/\/vidamaior.pt\/?s={search_term_string}\"},\"query-input\":{\"@type\":\"PropertyValueSpecification\",\"valueRequired\":true,\"valueName\":\"search_term_string\"}}],\"inLanguage\":\"en-GB\"},{\"@type\":\"Organization\",\"@id\":\"https:\/\/vidamaior.pt\/#organization\",\"name\":\"Vida Maior\",\"url\":\"https:\/\/vidamaior.pt\/\",\"logo\":{\"@type\":\"ImageObject\",\"inLanguage\":\"en-GB\",\"@id\":\"https:\/\/vidamaior.pt\/#\/schema\/logo\/image\/\",\"url\":\"https:\/\/vidamaior.pt\/wp-content\/uploads\/2024\/02\/Logotipo-2.png\",\"contentUrl\":\"https:\/\/vidamaior.pt\/wp-content\/uploads\/2024\/02\/Logotipo-2.png\",\"width\":670,\"height\":372,\"caption\":\"Vida Maior\"},\"image\":{\"@id\":\"https:\/\/vidamaior.pt\/#\/schema\/logo\/image\/\"},\"sameAs\":[\"https:\/\/www.facebook.com\/vidamaior.pt\/\",\"https:\/\/www.instagram.com\/vidamaior.pt\/\",\"https:\/\/www.linkedin.com\/company\/vida-maior\/\"]},{\"@type\":\"Person\",\"@id\":\"https:\/\/vidamaior.pt\/#\/schema\/person\/9e197f1e08aa9dbd9e676e12b6e5e099\",\"name\":\"vidamaior.pt\",\"image\":{\"@type\":\"ImageObject\",\"inLanguage\":\"en-GB\",\"@id\":\"https:\/\/vidamaior.pt\/#\/schema\/person\/image\/\",\"url\":\"https:\/\/secure.gravatar.com\/avatar\/6c7dad2be80183da6d0715f564680568?s=96&d=mm&r=g\",\"contentUrl\":\"https:\/\/secure.gravatar.com\/avatar\/6c7dad2be80183da6d0715f564680568?s=96&d=mm&r=g\",\"caption\":\"vidamaior.pt\"},\"sameAs\":[\"http:\/\/vidamaior.pt\"],\"url\":\"https:\/\/vidamaior.pt\/en\/author\/vidamaiorteste-pt\/\"}]}<\/script>\n<!-- \/ Yoast SEO plugin. -->","yoast_head_json":{"title":"Inaugura\u00e7\u00e3o do Viva+: Uma Nova Forma de Cuidar da Longevidade - Vida Maior","robots":{"index":"index","follow":"follow","max-snippet":"max-snippet:-1","max-image-preview":"max-image-preview:large","max-video-preview":"max-video-preview:-1"},"canonical":"https:\/\/vidamaior.pt\/en\/inauguracao-do-viva-uma-nova-forma-de-cuidar-da-longevidade\/","og_locale":"en_GB","og_type":"article","og_title":"Inaugura\u00e7\u00e3o do Viva+: Uma Nova Forma de Cuidar da Longevidade - Vida Maior","og_description":"H\u00e1 uma pergunta que me acompanha h\u00e1 muito tempo: como queremos viver os pr\u00f3ximos anos da nossa vida? Como fisioterapeuta, aprendi que muitas das altera\u00e7\u00f5es que associamos ao envelhecimento se desenvolvem gradualmente. A diminui\u00e7\u00e3o da for\u00e7a, da mobilidade, do equil\u00edbrio ou da confian\u00e7a pode come\u00e7ar, pouco a pouco, a condicionar decis\u00f5es, atividades e rela\u00e7\u00f5es que [&hellip;]","og_url":"https:\/\/vidamaior.pt\/en\/inauguracao-do-viva-uma-nova-forma-de-cuidar-da-longevidade\/","og_site_name":"Vida Maior","article_publisher":"https:\/\/www.facebook.com\/vidamaior.pt\/","article_published_time":"2026-09-01T15:22:58+00:00","article_modified_time":"2026-09-01T15:36:41+00:00","og_image":[{"width":1920,"height":1080,"url":"https:\/\/vidamaior.pt\/wp-content\/uploads\/2026\/09\/Artigo-Elisabete.png","type":"image\/png"}],"author":"vidamaior.pt","twitter_card":"summary_large_image","twitter_misc":{"Written by":"vidamaior.pt","Estimated reading time":"4 minutes"},"schema":{"@context":"https:\/\/schema.org","@graph":[{"@type":"Article","@id":"https:\/\/vidamaior.pt\/inauguracao-do-viva-uma-nova-forma-de-cuidar-da-longevidade\/#article","isPartOf":{"@id":"https:\/\/vidamaior.pt\/inauguracao-do-viva-uma-nova-forma-de-cuidar-da-longevidade\/"},"author":{"name":"vidamaior.pt","@id":"https:\/\/vidamaior.pt\/#\/schema\/person\/9e197f1e08aa9dbd9e676e12b6e5e099"},"headline":"Inaugura\u00e7\u00e3o do Viva+: Uma Nova Forma de Cuidar da Longevidade","datePublished":"2026-09-01T15:22:58+00:00","dateModified":"2026-09-01T15:36:41+00:00","mainEntityOfPage":{"@id":"https:\/\/vidamaior.pt\/inauguracao-do-viva-uma-nova-forma-de-cuidar-da-longevidade\/"},"wordCount":809,"publisher":{"@id":"https:\/\/vidamaior.pt\/#organization"},"image":{"@id":"https:\/\/vidamaior.pt\/inauguracao-do-viva-uma-nova-forma-de-cuidar-da-longevidade\/#primaryimage"},"thumbnailUrl":"https:\/\/vidamaior.pt\/wp-content\/uploads\/2026\/09\/Artigo-Elisabete.png","articleSection":["Artigo"],"inLanguage":"en-GB"},{"@type":"WebPage","@id":"https:\/\/vidamaior.pt\/inauguracao-do-viva-uma-nova-forma-de-cuidar-da-longevidade\/","url":"https:\/\/vidamaior.pt\/inauguracao-do-viva-uma-nova-forma-de-cuidar-da-longevidade\/","name":"Inaugura\u00e7\u00e3o do Viva+: Uma Nova Forma de Cuidar da Longevidade - Vida Maior","isPartOf":{"@id":"https:\/\/vidamaior.pt\/#website"},"primaryImageOfPage":{"@id":"https:\/\/vidamaior.pt\/inauguracao-do-viva-uma-nova-forma-de-cuidar-da-longevidade\/#primaryimage"},"image":{"@id":"https:\/\/vidamaior.pt\/inauguracao-do-viva-uma-nova-forma-de-cuidar-da-longevidade\/#primaryimage"},"thumbnailUrl":"https:\/\/vidamaior.pt\/wp-content\/uploads\/2026\/09\/Artigo-Elisabete.png","datePublished":"2026-09-01T15:22:58+00:00","dateModified":"2026-09-01T15:36:41+00:00","breadcrumb":{"@id":"https:\/\/vidamaior.pt\/inauguracao-do-viva-uma-nova-forma-de-cuidar-da-longevidade\/#breadcrumb"},"inLanguage":"en-GB","potentialAction":[{"@type":"ReadAction","target":["https:\/\/vidamaior.pt\/inauguracao-do-viva-uma-nova-forma-de-cuidar-da-longevidade\/"]}]},{"@type":"ImageObject","inLanguage":"en-GB","@id":"https:\/\/vidamaior.pt\/inauguracao-do-viva-uma-nova-forma-de-cuidar-da-longevidade\/#primaryimage","url":"https:\/\/vidamaior.pt\/wp-content\/uploads\/2026\/09\/Artigo-Elisabete.png","contentUrl":"https:\/\/vidamaior.pt\/wp-content\/uploads\/2026\/09\/Artigo-Elisabete.png","width":1920,"height":1080},{"@type":"BreadcrumbList","@id":"https:\/\/vidamaior.pt\/inauguracao-do-viva-uma-nova-forma-de-cuidar-da-longevidade\/#breadcrumb","itemListElement":[{"@type":"ListItem","position":1,"name":"In\u00edcio","item":"https:\/\/vidamaior.pt\/"},{"@type":"ListItem","position":2,"name":"Inaugura\u00e7\u00e3o do Viva+: Uma Nova Forma de Cuidar da Longevidade"}]},{"@type":"WebSite","@id":"https:\/\/vidamaior.pt\/#website","url":"https:\/\/vidamaior.pt\/","name":"Vida Maior","description":"Onde o tempo \u00e9 felicidade","publisher":{"@id":"https:\/\/vidamaior.pt\/#organization"},"potentialAction":[{"@type":"SearchAction","target":{"@type":"EntryPoint","urlTemplate":"https:\/\/vidamaior.pt\/?s={search_term_string}"},"query-input":{"@type":"PropertyValueSpecification","valueRequired":true,"valueName":"search_term_string"}}],"inLanguage":"en-GB"},{"@type":"Organization","@id":"https:\/\/vidamaior.pt\/#organization","name":"Vida Maior","url":"https:\/\/vidamaior.pt\/","logo":{"@type":"ImageObject","inLanguage":"en-GB","@id":"https:\/\/vidamaior.pt\/#\/schema\/logo\/image\/","url":"https:\/\/vidamaior.pt\/wp-content\/uploads\/2024\/02\/Logotipo-2.png","contentUrl":"https:\/\/vidamaior.pt\/wp-content\/uploads\/2024\/02\/Logotipo-2.png","width":670,"height":372,"caption":"Vida Maior"},"image":{"@id":"https:\/\/vidamaior.pt\/#\/schema\/logo\/image\/"},"sameAs":["https:\/\/www.facebook.com\/vidamaior.pt\/","https:\/\/www.instagram.com\/vidamaior.pt\/","https:\/\/www.linkedin.com\/company\/vida-maior\/"]},{"@type":"Person","@id":"https:\/\/vidamaior.pt\/#\/schema\/person\/9e197f1e08aa9dbd9e676e12b6e5e099","name":"vidamaior.pt","image":{"@type":"ImageObject","inLanguage":"en-GB","@id":"https:\/\/vidamaior.pt\/#\/schema\/person\/image\/","url":"https:\/\/secure.gravatar.com\/avatar\/6c7dad2be80183da6d0715f564680568?s=96&d=mm&r=g","contentUrl":"https:\/\/secure.gravatar.com\/avatar\/6c7dad2be80183da6d0715f564680568?s=96&d=mm&r=g","caption":"vidamaior.pt"},"sameAs":["http:\/\/vidamaior.pt"],"url":"https:\/\/vidamaior.pt\/en\/author\/vidamaiorteste-pt\/"}]}},"_links":{"self":[{"href":"https:\/\/vidamaior.pt\/en\/wp-json\/wp\/v2\/posts\/39521"}],"collection":[{"href":"https:\/\/vidamaior.pt\/en\/wp-json\/wp\/v2\/posts"}],"about":[{"href":"https:\/\/vidamaior.pt\/en\/wp-json\/wp\/v2\/types\/post"}],"author":[{"embeddable":true,"href":"https:\/\/vidamaior.pt\/en\/wp-json\/wp\/v2\/users\/1"}],"replies":[{"embeddable":true,"href":"https:\/\/vidamaior.pt\/en\/wp-json\/wp\/v2\/comments?post=39521"}],"version-history":[{"count":5,"href":"https:\/\/vidamaior.pt\/en\/wp-json\/wp\/v2\/posts\/39521\/revisions"}],"predecessor-version":[{"id":39527,"href":"https:\/\/vidamaior.pt\/en\/wp-json\/wp\/v2\/posts\/39521\/revisions\/39527"}],"wp:featuredmedia":[{"embeddable":true,"href":"https:\/\/vidamaior.pt\/en\/wp-json\/wp\/v2\/media\/39523"}],"wp:attachment":[{"href":"https:\/\/vidamaior.pt\/en\/wp-json\/wp\/v2\/media?parent=39521"}],"wp:term":[{"taxonomy":"category","embeddable":true,"href":"https:\/\/vidamaior.pt\/en\/wp-json\/wp\/v2\/categories?post=39521"},{"taxonomy":"post_tag","embeddable":true,"href":"https:\/\/vidamaior.pt\/en\/wp-json\/wp\/v2\/tags?post=39521"}],"curies":[{"name":"wp","href":"https:\/\/api.w.org\/{rel}","templated":true}]}}